{"id":8077,"date":"2026-08-31T17:51:50","date_gmt":"2026-08-31T15:51:50","guid":{"rendered":"https:\/\/www.pievevolley.it\/wp\/?p=8077"},"modified":"2026-08-31T18:01:17","modified_gmt":"2026-08-31T16:01:17","slug":"%f0%9f%8f%90si-continua-insieme-martina-palamidessi10%f0%9f%a9%b7%f0%9f%96%a4classe-2006-schiacciatrice-martina-e-una-giocatrice-cresciuta-interamente-in-casa-pieve-volleyha-sempre-vestito-i-no","status":"publish","type":"post","link":"https:\/\/www.pievevolley.it\/wp\/%f0%9f%8f%90si-continua-insieme-martina-palamidessi10%f0%9f%a9%b7%f0%9f%96%a4classe-2006-schiacciatrice-martina-e-una-giocatrice-cresciuta-interamente-in-casa-pieve-volleyha-sempre-vestito-i-no\/","title":{"rendered":"Martina Palamidessi confermata in prima squadra al Pieve Volley"},"content":{"rendered":"\n<p class=\"wp-block-paragraph\">\ud83c\udfd0SI CONTINUA INSIEME &#8230; MARTINA PALAMIDESSI\ud83e\ude77\ud83d\udda4Classe 2006, schiacciatrice, Martina \u00e8 una giocatrice cresciuta interamente in casa Pieve Volley! Ha sempre vestito i nostri colori, completando tutto il suo percorso nel settore giovanile e disputando poi tre campionati di Prima Divisione, dove si \u00e8 distinta nel suo ruolo per tecnica e personalit\u00e0.<\/p>\n\n\n\n<p class=\"wp-block-paragraph\">Ora \u00e8 pronta ad affrontare questa nuova sfida in prima squadra, con la voglia di continuare a crescere e dare il proprio contributo al gruppo! \u00abSono molto contenta di far parte di questo progetto e del gruppo che si \u00e8 creato. Sar\u00e0 sicuramente una stagione che richieder\u00e0 tanto impegno, ma sono pronta a dare il massimo, come ho sempre fatto!!!\u00bb \ud83e\ude77\ud83d\udda4Avanti insieme, Martina! Una nuova stagione sta per iniziare e noi siamo pronti a viverla al massimo! \ud83c\udfd0<\/p>\n\n\n\n<p class=\"pv-ig-origine wp-block-paragraph\"><a href=\"https:\/\/www.instagram.com\/p\/Dctc3H9qA-q\/\" target=\"_blank\" rel=\"noopener noreferrer\">Guarda il post originale su Instagram<\/a><\/p>\n","protected":false},"excerpt":{"rendered":"<p>\ud83c\udfd0SI CONTINUA INSIEME &#8230; MARTINA PALAMIDESSI\ud83e\ude77\ud83d\udda4Classe 2006, schiacciatrice, Martina \u00e8 una giocatrice cresciuta interamente in casa Pieve Volley! Ha sempre vestito i nostri colori, completando tutto il suo percorso nel settore giovanile e disputando poi tre campionati di Prima Divisione, dove si \u00e8 distinta nel suo ruolo per tecnica e personalit\u00e0. Ora \u00e8 pronta ad &hellip; <\/p>\n<p class=\"link-more\"><a href=\"https:\/\/www.pievevolley.it\/wp\/%f0%9f%8f%90si-continua-insieme-martina-palamidessi10%f0%9f%a9%b7%f0%9f%96%a4classe-2006-schiacciatrice-martina-e-una-giocatrice-cresciuta-interamente-in-casa-pieve-volleyha-sempre-vestito-i-no\/\" class=\"more-link\">Continue reading<span class=\"screen-reader-text\"> &#8220;Martina Palamidessi confermata in prima squadra al Pieve Volley&#8221;<\/span><\/a><\/p>\n","protected":false},"author":2,"featured_media":8078,"comment_status":"closed","ping_status":"open","sticky":false,"template":"","format":"standard","meta":{"ngg_post_thumbnail":0,"footnotes":""},"categories":[84],"tags":[],"class_list":["post-8077","post","type-post","status-publish","format-standard","has-post-thumbnail","hentry","category-dal-nostro-instagram"],"_links":{"self":[{"href":"https:\/\/www.pievevolley.it\/wp\/wp-json\/wp\/v2\/posts\/8077","targetHints":{"allow":["GET"]}}],"collection":[{"href":"https:\/\/www.pievevolley.it\/wp\/wp-json\/wp\/v2\/posts"}],"about":[{"href":"https:\/\/www.pievevolley.it\/wp\/wp-json\/wp\/v2\/types\/post"}],"author":[{"embeddable":true,"href":"https:\/\/www.pievevolley.it\/wp\/wp-json\/wp\/v2\/users\/2"}],"replies":[{"embeddable":true,"href":"https:\/\/www.pievevolley.it\/wp\/wp-json\/wp\/v2\/comments?post=8077"}],"version-history":[{"count":1,"href":"https:\/\/www.pievevolley.it\/wp\/wp-json\/wp\/v2\/posts\/8077\/revisions"}],"predecessor-version":[{"id":8079,"href":"https:\/\/www.pievevolley.it\/wp\/wp-json\/wp\/v2\/posts\/8077\/revisions\/8079"}],"wp:featuredmedia":[{"embeddable":true,"href":"https:\/\/www.pievevolley.it\/wp\/wp-json\/wp\/v2\/media\/8078"}],"wp:attachment":[{"href":"https:\/\/www.pievevolley.it\/wp\/wp-json\/wp\/v2\/media?parent=8077"}],"wp:term":[{"taxonomy":"category","embeddable":true,"href":"https:\/\/www.pievevolley.it\/wp\/wp-json\/wp\/v2\/categories?post=8077"},{"taxonomy":"post_tag","embeddable":true,"href":"https:\/\/www.pievevolley.it\/wp\/wp-json\/wp\/v2\/tags?post=8077"}],"curies":[{"name":"wp","href":"https:\/\/api.w.org\/{rel}","templated":true}]}}